{"id":2727,"date":"2026-02-23T17:12:37","date_gmt":"2026-02-23T17:12:37","guid":{"rendered":"https:\/\/klasztorwieliczka.pl\/?p=2727"},"modified":"2026-02-23T17:12:37","modified_gmt":"2026-02-23T17:12:37","slug":"ogloszenia-parafialne-22-02-2026","status":"publish","type":"post","link":"https:\/\/klasztorwieliczka.pl\/index.php\/2026\/02\/23\/ogloszenia-parafialne-22-02-2026\/","title":{"rendered":"Og\u0142oszenia parafialne | 22.02.2026"},"content":{"rendered":"<p>OG\u0141OSZENIA PARAFIALNE<\/p>\n<p>I NIEDZIELA WIELKIEGO POSTU | 22.02.2026<\/p>\n<p>&nbsp;<\/p>\n<p>1. Wchodz\u0105c w \u015bwi\u0119ty czas Wielkiego Postu, kt\u00f3ry jest dla nas okresem nawr\u00f3cenia, modlitwy i duchowego odnowienia, zapraszamy wszystkich parafian do licznego udzia\u0142u w nabo\u017ce\u0144stwach pokutnych. Niech ten czas stanie si\u0119 okazj\u0105 do pog\u0142\u0119bienia relacji z Chrystusem, zatrzymania si\u0119 nad Jego mi\u0142o\u015bci\u0105 oraz podj\u0119cia osobistej drogi przemiany serca.<\/p>\n<p>&nbsp;<\/p>\n<p>2. W okresie Wielkiego Postu zapraszamy na nabo\u017ce\u0144stwa pokutne:<\/p>\n<p>&nbsp;<\/p>\n<p>&#x25aa;&#xfe0f;w dni powszednie o godz. 6.30 \u2013 Droga Krzy\u017cowa<\/p>\n<p>&#x25aa;&#xfe0f;w niedziel\u0119 o godz. 17.00 \u2013 Gorzkie \u017bale z kazaniem pasyjnym<\/p>\n<p>&#x25aa;&#xfe0f;w pi\u0105tki zapraszamy na nabo\u017ce\u0144stwa pasyjne tzw. \u201ePi\u0105tki Marcowe\u201d. O godz. 8.00 Msza \u015bw. Bezpo\u015brednio po Mszy \u015bw. nabo\u017ce\u0144stwo Drogi Krzy\u017cowej i Gorzkie \u017bale z kazaniem pasyjnym. Na zako\u0144czenie b\u0142ogos\u0142awie\u0144stwo Naj\u015bwi\u0119tszym Sakramentem i uczczenie relikwii Krzy\u017ca \u015bw.<\/p>\n<p>&nbsp;<\/p>\n<p>3. Szczeg\u00f3lnie zapraszamy na wieczorn\u0105 Drog\u0119 Krzy\u017cow\u0105 w pi\u0105tki o godz. 19.30, prowadzon\u0105 przez m\u0142odzie\u017c. To modlitwa pe\u0142na skupienia i refleksji, kt\u00f3ra pomaga g\u0142\u0119biej prze\u017cywa\u0107 tajemnic\u0119 M\u0119ki Pa\u0144skiej oraz odnosi\u0107 j\u0105 do w\u0142asnego \u017cycia. Zach\u0119camy wszystkich \u2014 m\u0142odszych i starszych \u2014 aby wsp\u00f3lnie zatrzyma\u0107 si\u0119 przy krzy\u017cu Chrystusa i powierzy\u0107 Mu swoje intencje.<\/p>\n<p>&nbsp;<\/p>\n<p>4. Skuteczn\u0105 pomoc\u0105 w \u015bwiadomym prze\u017cywaniu ka\u017cdego dnia Wielkiego Postu mo\u017ce by\u0107 r\u00f3wnie\u017c Zdrapka Wielkopostna. Ciekawa forma pomaga w regularnym wykonywaniu proponowanych \u0107wicze\u0144 duchowych, maj\u0105cych na celu uporz\u0105dkowanie \u017cycia oraz pog\u0142\u0119bienie relacji z Bogiem i lud\u017ami. Jest dost\u0119pna w zakrystii i przy wyj\u015bciu z klasztoru, gdzie znajduje si\u0119 r\u00f3wnie\u017c prasa katolicka.<\/p>\n<p>&nbsp;<\/p>\n<p>5. Solenizantom i jubilatom tego tygodnia \u017cyczymy obfito\u015bci \u0142ask Bo\u017cych, zdrowia i opieki Matki Bo\u017cej. Dzi\u0119kujemy za wszelkie wsparcie duchowe i materialne. \u017byczymy wszystkim dobrego tygodnia.<\/p>\n<p>&nbsp;<\/p>\n<p>6. Zapraszamy na chwil\u0119 modlitwy do Kaplicy Wieczystej Adoracji.<\/p>\n<p>&nbsp;<\/p>\n<p>Franciszkanie \u2013 Wasi duszpasterze &#x1f607;<\/p>\n","protected":false},"excerpt":{"rendered":"<p>OG\u0141OSZENIA PARAFIALNE I NIEDZIELA WIELKIEGO POSTU | 22.02.2026 &nbsp; 1. Wchodz\u0105c w \u015bwi\u0119ty czas Wielkiego Postu, kt\u00f3ry jest dla nas okresem nawr\u00f3cenia,<\/p>\n","protected":false},"author":5,"featured_media":1703,"comment_status":"open","ping_status":"open","sticky":false,"template":"","format":"standard","meta":{"footnotes":""},"categories":[29],"tags":[],"class_list":["post-2727","post","type-post","status-publish","format-standard","has-post-thumbnail","hentry","category-ogloszenia-parafialne"],"_links":{"self":[{"href":"https:\/\/klasztorwieliczka.pl\/index.php\/wp-json\/wp\/v2\/posts\/2727","targetHints":{"allow":["GET"]}}],"collection":[{"href":"https:\/\/klasztorwieliczka.pl\/index.php\/wp-json\/wp\/v2\/posts"}],"about":[{"href":"https:\/\/klasztorwieliczka.pl\/index.php\/wp-json\/wp\/v2\/types\/post"}],"author":[{"embeddable":true,"href":"https:\/\/klasztorwieliczka.pl\/index.php\/wp-json\/wp\/v2\/users\/5"}],"replies":[{"embeddable":true,"href":"https:\/\/klasztorwieliczka.pl\/index.php\/wp-json\/wp\/v2\/comments?post=2727"}],"version-history":[{"count":1,"href":"https:\/\/klasztorwieliczka.pl\/index.php\/wp-json\/wp\/v2\/posts\/2727\/revisions"}],"predecessor-version":[{"id":2728,"href":"https:\/\/klasztorwieliczka.pl\/index.php\/wp-json\/wp\/v2\/posts\/2727\/revisions\/2728"}],"wp:featuredmedia":[{"embeddable":true,"href":"https:\/\/klasztorwieliczka.pl\/index.php\/wp-json\/wp\/v2\/media\/1703"}],"wp:attachment":[{"href":"https:\/\/klasztorwieliczka.pl\/index.php\/wp-json\/wp\/v2\/media?parent=2727"}],"wp:term":[{"taxonomy":"category","embeddable":true,"href":"https:\/\/klasztorwieliczka.pl\/index.php\/wp-json\/wp\/v2\/categories?post=2727"},{"taxonomy":"post_tag","embeddable":true,"href":"https:\/\/klasztorwieliczka.pl\/index.php\/wp-json\/wp\/v2\/tags?post=2727"}],"curies":[{"name":"wp","href":"https:\/\/api.w.org\/{rel}","templated":true}]}}