{"id":2740,"date":"2026-02-28T21:28:59","date_gmt":"2026-02-28T21:28:59","guid":{"rendered":"https:\/\/klasztorwieliczka.pl\/?p=2740"},"modified":"2026-02-28T21:28:59","modified_gmt":"2026-02-28T21:28:59","slug":"ogloszenia-parafialne-1-03-2026","status":"publish","type":"post","link":"https:\/\/klasztorwieliczka.pl\/index.php\/2026\/02\/28\/ogloszenia-parafialne-1-03-2026\/","title":{"rendered":"Og\u0142oszenia parafialne | 1.03.2026"},"content":{"rendered":"<h1>OG\u0141OSZENIA PARAFIALNE<\/h1>\n<h2>II NIEDZIELA WIELKIEGO POSTU | 01.03.2026<\/h2>\n<p>&nbsp;<\/p>\n<p>Wchodz\u0105c w drug\u0105 Niedziel\u0119 Wielkiego Postu, czasu szczeg\u00f3lnej \u0142aski, nawr\u00f3cenia i pog\u0142\u0119bionej modlitwy, pragniemy na nowo otworzy\u0107 serca na dzia\u0142anie Boga. Niech ten \u015bwi\u0119ty okres pomaga nam w zatrzymaniu si\u0119 po\u015br\u00f3d codzienno\u015bci, aby z wi\u0119ksz\u0105 uwa\u017cno\u015bci\u0105 ws\u0142ucha\u0107 si\u0119 w Jego s\u0142owo oraz odnowi\u0107 w sobie pragnienie \u017cycia Ewangeli\u0105.<\/p>\n<p>&nbsp;<\/p>\n<p>1. W okresie Wielkiego Postu zapraszamy na nabo\u017ce\u0144stwa pokutne:<\/p>\n<p>&#x25aa;&#xfe0f;w dni powszednie o godz. 6.30 \u2013 Droga Krzy\u017cowa<\/p>\n<p>&#x25aa;&#xfe0f;w niedziel\u0119 o godz. 17.00 \u2013 Gorzkie \u017bale z kazaniem pasyjnym<\/p>\n<p>&#x25aa;&#xfe0f;w pi\u0105tki zapraszamy na nabo\u017ce\u0144stwa pasyjne tzw. \u201ePi\u0105tki Marcowe\u201d. O godz. 8.00 Msza \u015bw. bezpo\u015brednio po Mszy \u015bw. nabo\u017ce\u0144stwo Drogi Krzy\u017cowej i Gorzkie \u017bale z kazaniem pasyjnym. Na zako\u0144czenie b\u0142ogos\u0142awie\u0144stwo Naj\u015bwi\u0119tszym Sakramentem i uczczenie relikwii Krzy\u017ca \u015bw.<\/p>\n<p>&#x25aa;&#xfe0f;Szczeg\u00f3lnie zapraszamy na wieczorn\u0105 Drog\u0119 Krzy\u017cow\u0105 w pi\u0105tki o godz. 19.30, prowadzon\u0105 przez m\u0142odzie\u017c. To modlitwa pe\u0142na skupienia i refleksji, kt\u00f3ra pomaga g\u0142\u0119biej prze\u017cywa\u0107 tajemnic\u0119 M\u0119ki Pa\u0144skiej oraz odnosi\u0107 j\u0105 do w\u0142asnego \u017cycia. Zach\u0119camy wszystkich \u2014 m\u0142odszych i starszych \u2014 aby wsp\u00f3lnie zatrzyma\u0107 si\u0119 przy krzy\u017cu Chrystusa i powierzy\u0107 Mu swoje intencje.<\/p>\n<p>&nbsp;<\/p>\n<p>2. W tym tygodniu przypadaj\u0105 I czwartek, pi\u0105tek i sobota miesi\u0105ca.<\/p>\n<p>&nbsp;<\/p>\n<p>&#x25aa;&#xfe0f;W czwartek o 23.00 zapraszamy na Godzin\u0119 \u015awi\u0119t\u0105.<\/p>\n<p>&#x25aa;&#xfe0f;W pi\u0105tek od 9.00 kap\u0142ani udadz\u0105 si\u0119 z pos\u0142ug\u0105 sakramentaln\u0105 do chorych.<\/p>\n<p>&#x25aa;&#xfe0f; W I pi\u0105tek Sakrament Pojednania p\u00f3\u0142 godziny przed Msz\u0105 \u015bw. po po\u0142udniu od godz. 17.00. \u00a0 \u00a0 \u00a0 &#x25aa;&#xfe0f;W I sobot\u0119 o 19.30 Msza \u015bw. wynagradzaj\u0105ca Niepokalanemu Sercu NMP, nast\u0119pnie nabo\u017ce\u0144stwo r\u00f3\u017ca\u0144cowe i 15 minut medytacji.<\/p>\n<p>&nbsp;<\/p>\n<p>3. W liturgii ko\u015bcio\u0142a w tym tygodniu:<\/p>\n<p>&#x25aa;&#xfe0f;w \u015brod\u0119 \u015bwi\u0119to \u015bw. Kazimierza Kr\u00f3lewicza.<\/p>\n<p>&nbsp;<\/p>\n<p>4. Franciszka\u0144ski Zakon \u015awieckich zaprasza wszystkich do pomocy ubogim na wz\u00f3r \u015bw. Franciszka poprzez udzia\u0142 w dzisiejszej zbi\u00f3rce wielkopostnej po ka\u017cdej Mszy \u015bw. przed ko\u015bcio\u0142em i przy wyj\u015bciu z klasztoru. Za z\u0142o\u017cone ofiary zostan\u0105 zakupione bony \u017cywno\u015bciowe, kt\u00f3re przed Wielkanoc\u0105 trafi\u0105 do 45 rodzin.<\/p>\n<p>&nbsp;<\/p>\n<p>5. W niedziel\u0119 22 marca o godz. 16.45 zapraszamy na wsp\u00f3lne wyj\u015bcie do Mediateki na film: Naj\u015bwi\u0119tsze Serce. Zapisy przyjmowane s\u0105 w zakrystii.<\/p>\n<p>&nbsp;<\/p>\n<p>6. Solenizantom i jubilatom tego tygodnia \u017cyczymy obfito\u015bci \u0142ask Bo\u017cych, zdrowia i opieki Matki Bo\u017cej. Dzi\u0119kujemy za wszelkie wsparcie duchowe i materialne. \u017byczymy wszystkim dobrego tygodnia.<\/p>\n<p>&nbsp;<\/p>\n<p>7. W tym tygodniu z naszej parafii do Domu Ojca odeszli: \u015bp. Jan Panek i \u015bp. Zofia Szypu\u0142a \u2013 Wieczny odpoczynek racz im da\u0107 Panie\u2026<\/p>\n<p>&nbsp;<\/p>\n<p>8. Zapraszamy na chwil\u0119 modlitwy do Kaplicy Wieczystej Adoracji.<\/p>\n","protected":false},"excerpt":{"rendered":"<p>OG\u0141OSZENIA PARAFIALNE II NIEDZIELA WIELKIEGO POSTU | 01.03.2026 &nbsp; Wchodz\u0105c w drug\u0105 Niedziel\u0119 Wielkiego Postu, czasu szczeg\u00f3lnej \u0142aski, nawr\u00f3cenia i pog\u0142\u0119bionej modlitwy,<\/p>\n","protected":false},"author":5,"featured_media":1703,"comment_status":"open","ping_status":"open","sticky":false,"template":"","format":"standard","meta":{"footnotes":""},"categories":[29],"tags":[],"class_list":["post-2740","post","type-post","status-publish","format-standard","has-post-thumbnail","hentry","category-ogloszenia-parafialne"],"_links":{"self":[{"href":"https:\/\/klasztorwieliczka.pl\/index.php\/wp-json\/wp\/v2\/posts\/2740","targetHints":{"allow":["GET"]}}],"collection":[{"href":"https:\/\/klasztorwieliczka.pl\/index.php\/wp-json\/wp\/v2\/posts"}],"about":[{"href":"https:\/\/klasztorwieliczka.pl\/index.php\/wp-json\/wp\/v2\/types\/post"}],"author":[{"embeddable":true,"href":"https:\/\/klasztorwieliczka.pl\/index.php\/wp-json\/wp\/v2\/users\/5"}],"replies":[{"embeddable":true,"href":"https:\/\/klasztorwieliczka.pl\/index.php\/wp-json\/wp\/v2\/comments?post=2740"}],"version-history":[{"count":1,"href":"https:\/\/klasztorwieliczka.pl\/index.php\/wp-json\/wp\/v2\/posts\/2740\/revisions"}],"predecessor-version":[{"id":2741,"href":"https:\/\/klasztorwieliczka.pl\/index.php\/wp-json\/wp\/v2\/posts\/2740\/revisions\/2741"}],"wp:featuredmedia":[{"embeddable":true,"href":"https:\/\/klasztorwieliczka.pl\/index.php\/wp-json\/wp\/v2\/media\/1703"}],"wp:attachment":[{"href":"https:\/\/klasztorwieliczka.pl\/index.php\/wp-json\/wp\/v2\/media?parent=2740"}],"wp:term":[{"taxonomy":"category","embeddable":true,"href":"https:\/\/klasztorwieliczka.pl\/index.php\/wp-json\/wp\/v2\/categories?post=2740"},{"taxonomy":"post_tag","embeddable":true,"href":"https:\/\/klasztorwieliczka.pl\/index.php\/wp-json\/wp\/v2\/tags?post=2740"}],"curies":[{"name":"wp","href":"https:\/\/api.w.org\/{rel}","templated":true}]}}