{"id":2782,"date":"2026-04-26T20:26:02","date_gmt":"2026-04-26T20:26:02","guid":{"rendered":"https:\/\/klasztorwieliczka.pl\/?p=2782"},"modified":"2026-04-26T20:26:02","modified_gmt":"2026-04-26T20:26:02","slug":"ogloszenia-parafialne-26-04-2026","status":"publish","type":"post","link":"https:\/\/klasztorwieliczka.pl\/index.php\/2026\/04\/26\/ogloszenia-parafialne-26-04-2026\/","title":{"rendered":"Og\u0142oszenia parafialne | 26.04.2026"},"content":{"rendered":"<h1>OG\u0141OSZENIA PARAFIALNE<\/h1>\n<h1>NIEDZIELA DOBREGO PASTERZA | 26.04.2026<\/h1>\n<p>&nbsp;<\/p>\n<p>1. Prze\u017cywamy IV Niedziel\u0119 Wielkanocy, kt\u00f3r\u0105 nazywamy Niedziel\u0105 Dobrego Pasterza. Liturgia S\u0142owa ukazuje nam Jezusa jako Tego, kt\u00f3ry zna swoje owce, prowadzi je i oddaje za nie \u017cycie. Chrystus \u2013 Dobry Pasterz \u2013 troszczy si\u0119 o ka\u017cdego z nas, zna nasze serca i nieustannie nas szuka.<\/p>\n<p>&nbsp;<\/p>\n<p>2. Dzisiaj przypada r\u00f3wnie\u017c \u015awiatowy Dzie\u0144 Modlitw o Powo\u0142ania, kt\u00f3ry rozpoczyna Tydzie\u0144 modlitw o powo\u0142ania do s\u0142u\u017cby w Ko\u015bciele. Pami\u0119tajmy w modlitwie o tych, kt\u00f3rych Jezus powo\u0142uje do p\u00f3j\u015bcia za sob\u0105. Pro\u015bmy tak\u017ce o nowe powo\u0142ania do kap\u0142a\u0144stwa i \u017cycia zakonnego, aby nie zabrak\u0142o g\u0142osicieli i szafarzy sakrament\u00f3w \u015bwi\u0119tych.<\/p>\n<p>&nbsp;<\/p>\n<p>3. We wtorek zapraszamy na trzeci dzie\u0144 nowenny przed uroczysto\u015bci\u0105 \u015bw. Antoniego z Padwy o godzinie 18.00.<\/p>\n<p>&nbsp;<\/p>\n<p>4. W liturgii Ko\u015bcio\u0142a w tym tygodniu obchodzimy:<\/p>\n<p>&#x1f538;w \u015brod\u0119 wspomnienie \u015bw. Katarzyny ze Sieny, dziewicy i doktora Ko\u015bcio\u0142a, patronki Europy \u2013 wielkiej mistyczki i odwa\u017cnej \u015bwiadkini wiary, kt\u00f3ra ca\u0142ym swoim \u017cyciem ukazywa\u0142a mi\u0142o\u015b\u0107 do Chrystusa i trosk\u0119 o jedno\u015b\u0107 Ko\u015bcio\u0142a.<\/p>\n<p>&nbsp;<\/p>\n<p>5. Rozpoczynamy miesi\u0105c maj, po\u015bwi\u0119cony szczeg\u00f3lnej czci Matki Bo\u017cej. Zapraszamy na nabo\u017ce\u0144stwa majowe o godzinie 17.30. Maj\u00f3wki przy figurach Matki Bo\u017cej b\u0119d\u0105 odprawiane:<\/p>\n<p>&#x1f538;na os. Ko\u015bciuszki o godz. 19.00;<\/p>\n<p>&#x1f538;na os. Bogucice przy ul. D\u0119bowej o godz. 19.00;<\/p>\n<p>&#x1f538;przy ul. Wygoda o godz. 19.30<\/p>\n<p>&nbsp;<\/p>\n<p>6. W tym tygodniu prze\u017cywamy dni odnowy wewn\u0119trznej \u2013 pierwszy pi\u0105tek i pierwsz\u0105 sobot\u0119 miesi\u0105ca.<\/p>\n<p>&#x1f538;Pierwszy pi\u0105tek jest okazj\u0105 do spowiedzi \u015bwi\u0119tej oraz przyj\u0119cia Komunii \u015awi\u0119tej wynagradzaj\u0105cej Naj\u015bwi\u0119tszemu Sercu Pana Jezusa. Od godziny 9.00 kap\u0142ani udadz\u0105 si\u0119 z pos\u0142ug\u0105 sakramentaln\u0105 do chorych. Msza \u015awi\u0119ta o godzinie 18.00 b\u0119dzie sprawowana w intencji Stra\u017cy Honorowej Naj\u015bwi\u0119tszego Serca Pana Jezusa.<\/p>\n<p>&#x1f538;W sobot\u0119 po Mszy \u015awi\u0119tej o godzinie 18.00 nabo\u017ce\u0144stwo pierwszosobotnie: modlitwa r\u00f3\u017ca\u0144cowa oraz 15 minut medytacji.<\/p>\n<p>&#x1f538;w pi\u0105tek obowi\u0105zuje dyspensa udzielona przez ks. kard. Grzegorza Rysia od pokarm\u00f3w mi\u0119snych.<\/p>\n<p>&nbsp;<\/p>\n<p>7. W sobot\u0119 obchodzimy przeniesion\u0105 z niedzieli uroczysto\u015b\u0107 Naj\u015bwi\u0119tszej Maryi Panny Kr\u00f3lowej Polski. To tak\u017ce kolejna rocznica uchwalenia Konstytucji 3 maja. Msze \u015awi\u0119te b\u0119d\u0105 sprawowane w porz\u0105dku niedzielnym. Zapraszamy do wsp\u00f3lnej modlitwy za nasz\u0105 Ojczyzn\u0119, prosz\u0105c o dar jedno\u015bci i wzajemnego szacunku.<\/p>\n<p>&nbsp;<\/p>\n<p>8. Premiera filmu o naszym Jubileuszu 400 lat obecno\u015bci oo. Franciszkan\u00f3w w Wieliczce w Tv Trwam b\u0119dzie 01.05.26. o godz. 8.45. Zach\u0119camy do obejrzenia.<\/p>\n<p>&nbsp;<\/p>\n<p>9. Zach\u0119camy do lektury prasy katolickiej, kt\u00f3ra znajduje si\u0119 przy wej\u015bciu do klasztoru.<\/p>\n<p>&nbsp;<\/p>\n<p>Na nadchodz\u0105ce dni \u017cyczymy wszystkim obfito\u015bci Bo\u017cego pokoju i do\u015bwiadczenia opieki Dobrego Pasterza w codziennym \u017cyciu.<\/p>\n<p>Zapraszamy na chwil\u0119 modlitwy do Kaplicy Wieczystej Adoracji.<\/p>\n<p>&nbsp;<\/p>\n<p>Franciszkanie \u2013 Wasi duszpasterze<\/p>\n","protected":false},"excerpt":{"rendered":"<p>OG\u0141OSZENIA PARAFIALNE NIEDZIELA DOBREGO PASTERZA | 26.04.2026 &nbsp; 1. Prze\u017cywamy IV Niedziel\u0119 Wielkanocy, kt\u00f3r\u0105 nazywamy Niedziel\u0105 Dobrego Pasterza. Liturgia S\u0142owa ukazuje nam<\/p>\n","protected":false},"author":5,"featured_media":1703,"comment_status":"open","ping_status":"open","sticky":false,"template":"","format":"standard","meta":{"footnotes":""},"categories":[29],"tags":[],"class_list":["post-2782","post","type-post","status-publish","format-standard","has-post-thumbnail","hentry","category-ogloszenia-parafialne"],"_links":{"self":[{"href":"https:\/\/klasztorwieliczka.pl\/index.php\/wp-json\/wp\/v2\/posts\/2782","targetHints":{"allow":["GET"]}}],"collection":[{"href":"https:\/\/klasztorwieliczka.pl\/index.php\/wp-json\/wp\/v2\/posts"}],"about":[{"href":"https:\/\/klasztorwieliczka.pl\/index.php\/wp-json\/wp\/v2\/types\/post"}],"author":[{"embeddable":true,"href":"https:\/\/klasztorwieliczka.pl\/index.php\/wp-json\/wp\/v2\/users\/5"}],"replies":[{"embeddable":true,"href":"https:\/\/klasztorwieliczka.pl\/index.php\/wp-json\/wp\/v2\/comments?post=2782"}],"version-history":[{"count":1,"href":"https:\/\/klasztorwieliczka.pl\/index.php\/wp-json\/wp\/v2\/posts\/2782\/revisions"}],"predecessor-version":[{"id":2783,"href":"https:\/\/klasztorwieliczka.pl\/index.php\/wp-json\/wp\/v2\/posts\/2782\/revisions\/2783"}],"wp:featuredmedia":[{"embeddable":true,"href":"https:\/\/klasztorwieliczka.pl\/index.php\/wp-json\/wp\/v2\/media\/1703"}],"wp:attachment":[{"href":"https:\/\/klasztorwieliczka.pl\/index.php\/wp-json\/wp\/v2\/media?parent=2782"}],"wp:term":[{"taxonomy":"category","embeddable":true,"href":"https:\/\/klasztorwieliczka.pl\/index.php\/wp-json\/wp\/v2\/categories?post=2782"},{"taxonomy":"post_tag","embeddable":true,"href":"https:\/\/klasztorwieliczka.pl\/index.php\/wp-json\/wp\/v2\/tags?post=2782"}],"curies":[{"name":"wp","href":"https:\/\/api.w.org\/{rel}","templated":true}]}}